[{"@context":"https:\/\/schema.org\/","@type":"Article","@id":"https:\/\/www.zadaas.cz\/7-zen-s-kterymi-byste-nemeli-podvest-svou-manzelku\/#Article","mainEntityOfPage":"https:\/\/www.zadaas.cz\/7-zen-s-kterymi-byste-nemeli-podvest-svou-manzelku\/","headline":"7 \u017een, s kter\u00fdmi byste NEM\u011aLI podv\u00e9st svou man\u017eelku","name":"7 \u017een, s kter\u00fdmi byste NEM\u011aLI podv\u00e9st svou man\u017eelku","description":"7. Jej\u00ed \u0161\u00e9fov\u00e1 Pokud m\u00e1 va\u0161e \u017eena za \u0161\u00e9fa v pr\u00e1ci \u017eenu, je t\u00e9m\u011b\u0159 jist\u00e9, \u017ee ji nebude m\u00edt r\u00e1da. A i kdy\u017e to bude <a href=\"https:\/\/www.zadaas.cz\/7-zen-s-kterymi-byste-nemeli-podvest-svou-manzelku\/\" class=\"read-more\"> <i class=\"ion-ios-arrow-right read-more-right\"><\/i><\/a>","datePublished":"2019-08-03","dateModified":"2023-04-28","author":{"@type":"Person","@id":"https:\/\/www.zadaas.cz\/author\/#Person","name":"","url":"https:\/\/www.zadaas.cz\/author\/","identifier":1,"image":{"@type":"ImageObject","@id":"https:\/\/secure.gravatar.com\/avatar\/f14f9548cfce1bfc4b3267434069a757db9568e455121a8852ede019c83b3b5e?s=96&d=mm&r=g","url":"https:\/\/secure.gravatar.com\/avatar\/f14f9548cfce1bfc4b3267434069a757db9568e455121a8852ede019c83b3b5e?s=96&d=mm&r=g","height":96,"width":96}},"publisher":{"@type":"Organization","name":"zadaas.cz","logo":{"@type":"ImageObject","@id":"\/logo.png","url":"\/logo.png","width":600,"height":60}},"image":{"@type":"ImageObject","@id":"https:\/\/www.zadaas.cz\/wp-content\/uploads\/img_a352801_w3571_t1567244178.jpg","url":"https:\/\/www.zadaas.cz\/wp-content\/uploads\/img_a352801_w3571_t1567244178.jpg","height":0,"width":0},"url":"https:\/\/www.zadaas.cz\/7-zen-s-kterymi-byste-nemeli-podvest-svou-manzelku\/","about":["Vztahy"],"wordCount":466,"articleBody":"7. Jej\u00ed \u0161\u00e9fov\u00e1\tPokud m\u00e1 va\u0161e \u017eena za \u0161\u00e9fa v pr\u00e1ci \u017eenu, je t\u00e9m\u011b\u0159 jist\u00e9, \u017ee ji nebude m\u00edt r\u00e1da. A i kdy\u017e to bude vypadat, \u017ee s n\u00ed vych\u00e1z\u00ed dob\u0159e, skryt\u011b j\u00ed ur\u010dit\u011b bude z\u00e1vid\u011bt jej\u00ed postaven\u00ed. Proto si ke sv\u00fdm z\u00e1let\u016fm vyberte n\u011bkoho jin\u00e9ho, aby va\u0161e \u017eena nemusela v p\u0159\u00edpad\u011b odhalen\u00ed m\u011bnit krom\u011b man\u017eela i pr\u00e1ci.\t\t6. Jej\u00ed doktorka\tSv\u00e9 doktory bu\u010f m\u00e1me r\u00e1di a v\u011b\u0159\u00edme jim, \u017ee se o n\u00e1s postaraj\u00ed, kdy\u017e se n\u00e1m n\u011bco stane, nebo jim nev\u011b\u0159\u00edme a\u00a0\u00a0 pomlouv\u00e1me je. V obou p\u0159\u00edpadech nen\u00ed moc dobr\u00fd n\u00e1pad cp\u00e1t se mezi va\u0161i \u017eenu a jej\u00ed doktorku. Obzvl\u00e1\u0161t\u011b ne gynekolo\u017eku.\t\u00a0\t5. Va\u0161e prvn\u00ed l\u00e1ska\tPokud jste sv\u00e9 \u017een\u011b \u0159ekl o va\u0161\u00ed prvn\u00ed l\u00e1sce, jist\u011b na ni v\u00edce \u010di m\u00e9n\u011b skryt\u011b \u017e\u00e1rl\u00ed. Ur\u010dit\u011b by tedy nebyl dobr\u00fd n\u00e1pad vracet se k n\u00ed, by\u0165 jen na jednu noc. Va\u0161e \u017eena by pak mohla m\u00edt pocit, \u017ee nen\u00ed l\u00e1skou va\u0161eho \u017eivota. Pohor\u0161uj\u00edc\u00ed okolnost\u00ed by bylo, pokud by se jednalo o l\u00e1sku \u010dist\u011b platonickou a teprve nyn\u00ed byste ji, po v\u0161ech t\u011bch letech, z\u00edskal.\t\t4. Jej\u00ed mlad\u0161\u00ed sestra\tSestersk\u00e1 rivalita je do ur\u010dit\u00e9 m\u00edry sou\u010d\u00e1st\u00ed ka\u017ed\u00e9 rodiny. Mlad\u0161\u00ed sestra va\u0161\u00ed \u017een\u011b jist\u011b p\u0159ipom\u00edn\u00e1 jej\u00ed vlastn\u00ed kr\u00e1su, kterou ztratila. Pokud v\u00e1s pr\u00e1v\u011b proto vnady va\u0161\u00ed \u0161vagrov\u00e9 p\u0159itahuj\u00ed, dob\u0159e si to rozmyslete a rad\u011bji z\u016fsta\u0148te u p\u0159edstav.\t\u00a0\t3. Jej\u00ed nejlep\u0161\u00ed k\u00e1mo\u0161ka\tTohle je klasika, ale celkem pochopiteln\u011b se dostala na tento seznam. Zrada od dvou nejbli\u017e\u0161\u00edch osob je opravdu bolestiv\u00e1. Pokud v\u00e1s jej\u00ed nejlep\u0161\u00ed k\u00e1mo\u0161ka opravdu rajcuje, zkuste sv\u00e9 \u017een\u011b rad\u011bji navrhnout, \u017ee by se k v\u00e1m n\u011bkdy tato k\u00e1mo\u0161ka p\u0159idala a oko\u0159enila tak v\u00e1\u0161 man\u017eelsk\u00fd \u017eivot.\t\u00a0\t2. Jej\u00ed matka\tA\u0165 u\u017e m\u00e1 va\u0161e \u017eena se svou matkou jak\u00fdkoli vztah, ur\u010dit\u011b nen\u00ed dobr\u00fd n\u00e1pad se se svou tchyn\u00ed jakkoli intimn\u011b sbli\u017eovat. Va\u0161e \u017eena jist\u011b bude spokojen\u011bj\u0161\u00ed, pokud jej\u00ed m\u00e1mu budete nesn\u00e1\u0161et.\t\u00a0\t1. Jej\u00ed dcera s jin\u00fdm mu\u017eem\tPokud m\u00e1 va\u0161e \u017eena ji\u017e dosp\u011blou dceru s jin\u00fdm mu\u017eem, tak byste s n\u00ed ur\u010dit\u011b nem\u011bl sp\u00e1t. Plat\u00ed zde tot\u00e9\u017e, co u jej\u00ed mlad\u0161\u00ed sestry, ale mo\u017en\u00e1 je\u0161t\u011b siln\u011bji. Svou dceru by pot\u00e9 nen\u00e1vid\u011bla, ale nemohla by si pomoci a st\u00e1le by k n\u00ed c\u00edtila i mate\u0159skou l\u00e1sku. Takov\u00fd mix pocit\u016f je opravdu brut\u00e1ln\u00ed a velmi v\u00e1m rad\u00edme neriskovat.                                                                                                                                                                                                                                                                                                                                                                                                "},{"@context":"https:\/\/schema.org\/","@type":"BreadcrumbList","itemListElement":[{"@type":"ListItem","position":1,"name":"7 \u017een, s kter\u00fdmi byste NEM\u011aLI podv\u00e9st svou man\u017eelku","item":"https:\/\/www.zadaas.cz\/7-zen-s-kterymi-byste-nemeli-podvest-svou-manzelku\/#breadcrumbitem"}]}]