[{"@context":"https:\/\/schema.org\/","@type":"Article","@id":"https:\/\/www.zadaas.cz\/abyste-na-svatbu-nezapomneli\/#Article","mainEntityOfPage":"https:\/\/www.zadaas.cz\/abyste-na-svatbu-nezapomneli\/","headline":"Abyste na svatbu nezapomn\u011bli","name":"Abyste na svatbu nezapomn\u011bli","description":"Kdo by necht\u011bl pro\u017e\u00edt sv\u016fj svatebn\u00ed den jako jeden z nejkr\u00e1sn\u011bj\u0161\u00edch ve sv\u00e9m \u017eivot\u011b? V\u017edy\u0165 svatba je jednozna\u010dn\u011b den naprosto mimo\u0159\u00e1dn\u00fd. Jde p\u0159ece o zpe\u010det\u011bn\u00ed <a href=\"https:\/\/www.zadaas.cz\/abyste-na-svatbu-nezapomneli\/\" class=\"read-more\"> <i class=\"ion-ios-arrow-right read-more-right\"><\/i><\/a>","datePublished":"2024-10-19","dateModified":"2024-10-19","author":{"@type":"Person","@id":"https:\/\/www.zadaas.cz\/author\/#Person","name":"","url":"https:\/\/www.zadaas.cz\/author\/","identifier":1,"image":{"@type":"ImageObject","@id":"https:\/\/secure.gravatar.com\/avatar\/f14f9548cfce1bfc4b3267434069a757db9568e455121a8852ede019c83b3b5e?s=96&d=mm&r=g","url":"https:\/\/secure.gravatar.com\/avatar\/f14f9548cfce1bfc4b3267434069a757db9568e455121a8852ede019c83b3b5e?s=96&d=mm&r=g","height":96,"width":96}},"publisher":{"@type":"Organization","name":"zadaas.cz","logo":{"@type":"ImageObject","@id":"\/logo.png","url":"\/logo.png","width":600,"height":60}},"url":"https:\/\/www.zadaas.cz\/abyste-na-svatbu-nezapomneli\/","wordCount":235,"articleBody":"Kdo by necht\u011bl pro\u017e\u00edt sv\u016fj svatebn\u00ed den jako jeden z nejkr\u00e1sn\u011bj\u0161\u00edch ve sv\u00e9m \u017eivot\u011b? V\u017edy\u0165 svatba je jednozna\u010dn\u011b den naprosto mimo\u0159\u00e1dn\u00fd. Jde p\u0159ece o zpe\u010det\u011bn\u00ed svazku dvou lid\u00ed, kte\u0159\u00ed si slibuj\u00ed, \u017ee spolu z\u016fstanou po cel\u00fd \u017eivot, ale nav\u00edc je svatba i p\u011bknou p\u0159\u00edle\u017eitost\u00ed k setk\u00e1n\u00ed \u0161irok\u00e9 rodiny, setk\u00e1n\u00ed, kter\u00e9 se p\u0159\u00edli\u0161 \u010dasto ned\u011bje. Vyberte tedy v\u0161e pr\u00e1v\u011b pro tu svou svatbu tak, aby v\u00fdsledn\u00fd dojem byl jako z poh\u00e1dky. Nejde jen o \u0161aty nev\u011bsty \u010di jedine\u010dnost prsten\u016f, v neposledn\u00ed \u0159ad\u011b je podstatn\u00e9 i m\u00edsto pro svatebn\u00ed hostinu. Zkuste to u n\u00e1s, m\u00e1me s po\u0159\u00e1d\u00e1n\u00edm t\u011bchto akc\u00ed bohat\u00e9 zku\u0161enosti.Perfektn\u00ed adresa \u2013 Praha 8Nenech\u00e1vejte v\u00fdb\u011br m\u00edsta pro Va\u0161i svatebn\u00ed hostinu n\u00e1hod\u011b, nevyb\u00edrejte jakoukoliv restauraci na Praze 8. V\u017edy\u0165 u n\u00e1s, v restauraci Praha, je pro V\u00e1s a Va\u0161e hosty v\u0161e dokonale p\u0159ipraveno. Mysl\u00edme na v\u0161e, tedy i na Va\u0161e nejmen\u0161\u00ed hosty, kte\u0159\u00ed se p\u0159i dlouh\u00e9 chv\u00edli mohou pono\u0159it do hry ve zdej\u0161\u00edm d\u011btsk\u00e9m koutku. Ov\u0161em samoz\u0159ejm\u011b a\u017e pot\u00e9, co se d\u016fkladn\u011b ob\u010derstv\u00ed na svatebn\u00edm rautu, jeho\u017e cena u n\u00e1s je velice p\u0159\u00edzniv\u00e1.                                                                                                                                                                                                                                                                                                                                                                                                "},{"@context":"https:\/\/schema.org\/","@type":"BreadcrumbList","itemListElement":[{"@type":"ListItem","position":1,"name":"Abyste na svatbu nezapomn\u011bli","item":"https:\/\/www.zadaas.cz\/abyste-na-svatbu-nezapomneli\/#breadcrumbitem"}]}]