[{"@context":"https:\/\/schema.org\/","@type":"Article","@id":"https:\/\/www.zadaas.cz\/designove-propisky\/#Article","mainEntityOfPage":"https:\/\/www.zadaas.cz\/designove-propisky\/","headline":"Designov\u00e9 propisky","name":"Designov\u00e9 propisky","description":"Jsem r\u00e1da, \u017ee existuj\u00ed r\u016fzn\u00e9 reklamn\u00ed p\u0159edm\u011bty anebo takov\u00e9 upom\u00ednkov\u00e9 p\u0159edm\u011bty, kter\u00e9 si m\u016f\u017eete zakoupit nebo dostat, abyste na to m\u011bli opravdu p\u011bknou vzpom\u00ednku. J\u00e1 <a href=\"https:\/\/www.zadaas.cz\/designove-propisky\/\" class=\"read-more\"> <i class=\"ion-ios-arrow-right read-more-right\"><\/i><\/a>","datePublished":"2023-07-08","dateModified":"2023-10-16","author":{"@type":"Person","@id":"https:\/\/www.zadaas.cz\/author\/#Person","name":"","url":"https:\/\/www.zadaas.cz\/author\/","identifier":1,"image":{"@type":"ImageObject","@id":"https:\/\/secure.gravatar.com\/avatar\/f14f9548cfce1bfc4b3267434069a757db9568e455121a8852ede019c83b3b5e?s=96&d=mm&r=g","url":"https:\/\/secure.gravatar.com\/avatar\/f14f9548cfce1bfc4b3267434069a757db9568e455121a8852ede019c83b3b5e?s=96&d=mm&r=g","height":96,"width":96}},"publisher":{"@type":"Organization","name":"zadaas.cz","logo":{"@type":"ImageObject","@id":"\/logo.png","url":"\/logo.png","width":600,"height":60}},"image":{"@type":"ImageObject","@id":"https:\/\/www.zadaas.cz\/wp-content\/uploads\/pens-868399_1280.jpg","url":"https:\/\/www.zadaas.cz\/wp-content\/uploads\/pens-868399_1280.jpg","height":0,"width":0},"url":"https:\/\/www.zadaas.cz\/designove-propisky\/","about":["V\u00fdrobky"],"wordCount":473,"articleBody":"   Jsem r\u00e1da, \u017ee existuj\u00ed r\u016fzn\u00e9 reklamn\u00ed p\u0159edm\u011bty anebo takov\u00e9 upom\u00ednkov\u00e9 p\u0159edm\u011bty, kter\u00e9 si m\u016f\u017eete zakoupit nebo dostat, abyste na to m\u011bli opravdu p\u011bknou vzpom\u00ednku. J\u00e1 si vzpom\u00edn\u00e1m, \u017ee kdy\u017e jsem je\u0161t\u011b pracovala ve firm\u011b, kde se d\u011blaly r\u016fzn\u00e9 reklamn\u00ed p\u0159edm\u011bty, tak j\u00e1 jsem m\u011bla na starost pr\u00e1v\u011b propisky s vlastn\u00edm potiskem Promodarky. Byly to oby\u010dejn\u00e9 b\u00edl\u00e9 anebo zlat\u00e9 nebo \u010dern\u00e9 propisky. A kdy\u017e potom k n\u00e1m p\u0159i\u0161li n\u011bjac\u00ed z\u00e1kazn\u00edci, tak mi v\u017edycky \u0159ekli, \u017ee by cht\u011bli na tu svoji propisku p\u011bkn\u00fd potisk. V\u011bt\u0161inou to bylo jm\u00e9no anebo n\u011bjak\u00e9 blahop\u0159\u00e1n\u00ed anebo n\u011bjak\u00fd kr\u00e1sn\u00fd cit\u00e1t. Samoz\u0159ejm\u011b, \u017ee tak\u00e9 jsme m\u011bli \u017e\u00e1dosti, kdy t\u0159eba tam cht\u011bl n\u011bkdo napsal n\u011bco vulg\u00e1rn\u00edho anebo sprost\u00e9ho. V tomhle p\u0159\u00edpad\u011b, samoz\u0159ejm\u011b v\u017edycky odm\u00edtneme, proto\u017ee my jsme solidn\u00ed a kvalitn\u00ed firma, tak\u017ee propisky s vlastn\u00edm potiskem, kdyby bylo n\u011bco opravdu hodn\u011b vulg\u00e1rn\u00edho, tak v\u017edycky odm\u00edt\u00e1me. Tohle rozhodn\u011b ned\u011bl\u00e1me. My chceme, aby propisky s vlastn\u00edm potiskem nosily v\u0161em lidem jenom \u0161t\u011bst\u00ed a radost a aby na to m\u011bli tak\u00e9 skv\u011bl\u00e9 vzpom\u00ednky. A ne aby je potom n\u011bkoho ur\u00e1\u017eelo. Samoz\u0159ejm\u011b, \u017ee tyto ur\u00e1\u017eky v\u017edycky jsou kv\u016fli tomu, kdy\u017e se t\u0159eba lid\u00e9 na sebe na\u0161tvou nebo jsou velice hodn\u011b poh\u00e1dan\u00ed anebo kdy\u017e jsou pr\u00e1v\u011b v rozvodov\u00e9m \u0159\u00edzen\u00ed. Dozv\u011bd\u011bla jsem se, \u017ee kdy\u017e jsou lidi v rozvodov\u00e9m \u0159\u00edzen\u00ed, tak v\u011bt\u0161inou cht\u011bj\u00ed propisky s vlastn\u00edm potiskem, kde je n\u011bco sprost\u00e9ho.Opravdu hodn\u011b m\u011b tohle mrz\u00ed a lituji takov\u00e9 lidi. Potom jsou tady ale tak\u00e9 lid\u00e9, kte\u0159\u00ed d\u00e1vaj\u00ed propisky s vlastn\u00edm potiskem t\u011bm p\u0159\u00edbuzn\u00fdm, kdy\u017e t\u0159eba slav\u00ed sv\u00e1tek anebo kdy\u017e se jim narod\u00ed d\u00edt\u011b. V\u011bt\u0161inou, propisky s vlastn\u00edm potiskem, kdy\u017e se narod\u00ed d\u00edt\u011b, tak na to d\u00e1v\u00e1me pouze datumy a k\u0159estn\u00ed jm\u00e9no miminka. Podle m\u00e9ho n\u00e1zoru je tohle opravdu hodn\u011b roztomil\u00e9 a jsem r\u00e1da, \u017ee po\u0159\u00e1d spoustu lid\u00ed, kte\u0159\u00ed dbaj\u00ed na to, aby m\u011bli opravdu perfektn\u00ed a origin\u00e1ln\u00ed d\u00e1rek. Kdy\u017e to tak vezmu, tak vlastn\u011b propisky se pou\u017e\u00edvaj\u00ed ka\u017ed\u00fd den a budou se pou\u017e\u00edvat snad je\u0161t\u011b do konce sv\u011bta. Proto\u017ee propisky jsou tady s n\u00e1mi, abychom je u\u017e\u00edvali skoro ka\u017ed\u00fd den. Nap\u0159\u00edklad v pr\u00e1ci anebo ve \u0161kole. A jsem r\u00e1da, \u017ee lid\u00e9 st\u00e1le vyu\u017e\u00edvaj\u00ed slu\u017eeb propisek s vlastn\u00edm potiskem.                                                                                                                                                                                                                                                                                                                                                                                                  "},{"@context":"https:\/\/schema.org\/","@type":"BreadcrumbList","itemListElement":[{"@type":"ListItem","position":1,"name":"Designov\u00e9 propisky","item":"https:\/\/www.zadaas.cz\/designove-propisky\/#breadcrumbitem"}]}]