[{"@context":"https:\/\/schema.org\/","@type":"Article","@id":"https:\/\/www.zadaas.cz\/olomoucko-pro-vsechny-z-nas\/#Article","mainEntityOfPage":"https:\/\/www.zadaas.cz\/olomoucko-pro-vsechny-z-nas\/","headline":"Olomoucko pro v\u0161echny z n\u00e1s","name":"Olomoucko pro v\u0161echny z n\u00e1s","description":"Cestovat m\u016f\u017eeme v\u0161elijak. Nejen osobn\u00edm autem, ale tak\u00e9 autobusem, vlakem nebo t\u0159eba na oby\u010dejn\u00e9m j\u00edzdn\u00edm kole. Je ot\u00e1zkou kam se vyd\u00e1me. Velmi zaj\u00edmavou cestou m\u016f\u017ee <a href=\"https:\/\/www.zadaas.cz\/olomoucko-pro-vsechny-z-nas\/\" class=\"read-more\"> <i class=\"ion-ios-arrow-right read-more-right\"><\/i><\/a>","datePublished":"2020-10-10","dateModified":"2023-04-28","author":{"@type":"Person","@id":"https:\/\/www.zadaas.cz\/author\/#Person","name":"","url":"https:\/\/www.zadaas.cz\/author\/","identifier":1,"image":{"@type":"ImageObject","@id":"https:\/\/secure.gravatar.com\/avatar\/f14f9548cfce1bfc4b3267434069a757db9568e455121a8852ede019c83b3b5e?s=96&d=mm&r=g","url":"https:\/\/secure.gravatar.com\/avatar\/f14f9548cfce1bfc4b3267434069a757db9568e455121a8852ede019c83b3b5e?s=96&d=mm&r=g","height":96,"width":96}},"publisher":{"@type":"Organization","name":"zadaas.cz","logo":{"@type":"ImageObject","@id":"\/logo.png","url":"\/logo.png","width":600,"height":60}},"image":{"@type":"ImageObject","@id":"https:\/\/www.zadaas.cz\/wp-content\/uploads\/img_a313494_w2526_t1524299111.jpg","url":"https:\/\/www.zadaas.cz\/wp-content\/uploads\/img_a313494_w2526_t1524299111.jpg","height":0,"width":0},"url":"https:\/\/www.zadaas.cz\/olomoucko-pro-vsechny-z-nas\/","wordCount":433,"articleBody":"Cestovat m\u016f\u017eeme v\u0161elijak. Nejen osobn\u00edm autem, ale tak\u00e9 autobusem, vlakem nebo t\u0159eba na oby\u010dejn\u00e9m j\u00edzdn\u00edm kole. Je ot\u00e1zkou kam se vyd\u00e1me. Velmi zaj\u00edmavou cestou m\u016f\u017ee b\u00fdt v\u00fdprava do m\u011bsta Olomouc nebo do p\u0159\u00edpadn\u00e9ho okol\u00ed. \u017de jste u\u017e o tom sly\u0161eli nebo \u010detli? Nebo jste snad svoji n\u00e1v\u0161t\u011bvu u\u017e podnikli? Pokud ano, v\u016fbec se nen\u00ed \u010demu divit. \u0158\u00edk\u00e1 se, \u017ee Olomouc je nejkr\u00e1sn\u011bj\u0161\u00ed m\u011bsto cel\u00e9 Moravy. A t\u0159eba jste doposud neobjevili ty nejzaj\u00edmav\u011bj\u0161\u00ed m\u00edsta, kter\u00e9 osln\u00ed \u0159ekn\u011bme ka\u017ed\u00e9ho z n\u00e1s.Zoo Pokud na\u0161e kroky budou v Olomouci sm\u011b\u0159ovat na Svat\u00fd Kope\u010dek do zoologick\u00e9 zahrady, pak je dobr\u00e9 cestu napl\u00e1novat od brzk\u00fdch hodin. Proch\u00e1zka p\u0159\u00edrodou je trochu rozs\u00e1hl\u00e1, ale p\u0159itom velmi p\u0159\u00edjemn\u00e1 s roztomil\u00fdmi zv\u00ed\u0159\u00e1tky. A pokud zabol\u00ed mal\u00e9 n\u00e1v\u0161t\u011bvn\u00edky no\u017ei\u010dky, pak se nab\u00edz\u00ed p\u0159\u00edle\u017eitost vyu\u017e\u00edt proj\u00ed\u017e\u010fku se \u201esafari\u201c vl\u00e1\u010dkem. V\u0161echna zv\u00ed\u0159\u00e1tka je mo\u017en\u00e9 tak\u00e9 fotografovat.Stra\u0161ideln\u00fd d\u016fm D\u016fm hr\u016fzy pot\u011b\u0161\u00ed ka\u017ed\u00e9ho, kdo se r\u00e1d boj\u00ed. Jen co zav\u0159ete prvn\u00ed dve\u0159e domu hr\u016fzy, tak se strachu lehce nezbav\u00edte. Mysl\u00edte si, \u017ee je to \u201ez\u00e1bava\u201c pro dosp\u011bl\u00e9? Omyl. I star\u0161\u00edm d\u011btem je vstup povolen. V\u017edy\u0165 kdo by necht\u011bl vid\u011bt na vlastn\u00ed o\u010di stra\u0161idla, kter\u00e1 na v\u0161echny \u010dekaj\u00ed.Aqvapark Abychom p\u0159i\u0161li i na jin\u00e9 my\u0161lenky, je mo\u017en\u00e9 p\u0159i cestov\u00e1n\u00ed vyu\u017e\u00edt relaxa\u010dn\u00edch mo\u017enost\u00ed. Takov\u00fd plaveck\u00fd baz\u00e9n nebo aqvaparku zve k odpo\u010dinku ale i k dov\u00e1d\u011bn\u00ed. Cesta sem se skute\u010dn\u011b vyplat\u00ed v\u0161em a to v jak\u00e9mkoliv ro\u010dn\u00edm obdob\u00ed. A pokud vyjde \u010das anebo v\u00e1m to prost\u011b jen ned\u00e1, zastavit se m\u016f\u017eete tak\u00e9 v okol\u00ed t\u0159eba na: \u00b7 Javo\u0159\u00ed\u010dsk\u00e9 a Mlade\u010dsk\u00e9 jeskyn\u011b \u00b7 Lo\u0161tick\u00e9 tvar\u016f\u017ekov\u00e9 muzeum \u00b7 hrad Bouzov, kter\u00fd je zn\u00e1m\u00fd p\u0159edev\u0161\u00edm poh\u00e1dkov\u00fdm p\u0159\u00edb\u011bhem \u201e O princezn\u011b Jasn\u011bnce a l\u00e9taj\u00edc\u00edm \u0161evci\u201c \u00b7 z\u00e1mek N\u00e1m\u011b\u0161\u0165 na Han\u00e9 \u00b7 rozhledna Bradlo \u2013 hora um\u00edst\u011bn\u00e1 na Han\u00e9, kde je vrchol zp\u0159\u00edstupn\u011bn\u00fd pro vyhl\u00eddky Nen\u00ed o \u010dem p\u0159em\u00fd\u0161let. Sta\u010d\u00ed pouze jedin\u00fd voln\u00fd den a m\u016f\u017eeme vyrazit. Cesta jist\u011b velmi rychle ute\u010de, u\u017e pouhou my\u0161lenkou na jak\u00fdkoliv c\u00edl.                                                                                                                                                                                                                                                                                                                                                                                                "},{"@context":"https:\/\/schema.org\/","@type":"BreadcrumbList","itemListElement":[{"@type":"ListItem","position":1,"name":"Olomoucko pro v\u0161echny z n\u00e1s","item":"https:\/\/www.zadaas.cz\/olomoucko-pro-vsechny-z-nas\/#breadcrumbitem"}]}]