[{"@context":"https:\/\/schema.org\/","@type":"Article","@id":"https:\/\/www.zadaas.cz\/trendy-pro-jaro-a-leto-2019\/#Article","mainEntityOfPage":"https:\/\/www.zadaas.cz\/trendy-pro-jaro-a-leto-2019\/","headline":"Trendy pro jaro a l\u00e9to 2019","name":"Trendy pro jaro a l\u00e9to 2019","description":"N\u00e1vrh\u00e1\u0159i z cel\u00e9ho sv\u011bta n\u00e1m jarn\u00ed a letn\u00ed m\u00f3du ji\u017e p\u0159edstavili na v\u0161ech mo\u017en\u00fdch m\u00f3dn\u00edch p\u0159ehl\u00eddk\u00e1ch a ud\u00e1lostech. Inspirovat se jejich n\u00e1vrhy m\u016f\u017eeme i my! <a href=\"https:\/\/www.zadaas.cz\/trendy-pro-jaro-a-leto-2019\/\" class=\"read-more\"> <i class=\"ion-ios-arrow-right read-more-right\"><\/i><\/a>","datePublished":"2019-06-08","dateModified":"2023-04-28","author":{"@type":"Person","@id":"https:\/\/www.zadaas.cz\/author\/#Person","name":"","url":"https:\/\/www.zadaas.cz\/author\/","identifier":1,"image":{"@type":"ImageObject","@id":"https:\/\/secure.gravatar.com\/avatar\/f14f9548cfce1bfc4b3267434069a757db9568e455121a8852ede019c83b3b5e?s=96&d=mm&r=g","url":"https:\/\/secure.gravatar.com\/avatar\/f14f9548cfce1bfc4b3267434069a757db9568e455121a8852ede019c83b3b5e?s=96&d=mm&r=g","height":96,"width":96}},"publisher":{"@type":"Organization","name":"zadaas.cz","logo":{"@type":"ImageObject","@id":"\/logo.png","url":"\/logo.png","width":600,"height":60}},"image":{"@type":"ImageObject","@id":"https:\/\/www.zadaas.cz\/wp-content\/uploads\/img_a346132_w2153_t1560073389.jpg","url":"https:\/\/www.zadaas.cz\/wp-content\/uploads\/img_a346132_w2153_t1560073389.jpg","height":0,"width":0},"url":"https:\/\/www.zadaas.cz\/trendy-pro-jaro-a-leto-2019\/","wordCount":438,"articleBody":"N\u00e1vrh\u00e1\u0159i z cel\u00e9ho sv\u011bta n\u00e1m jarn\u00ed a letn\u00ed m\u00f3du ji\u017e p\u0159edstavili na v\u0161ech mo\u017en\u00fdch m\u00f3dn\u00edch p\u0159ehl\u00eddk\u00e1ch a ud\u00e1lostech. Inspirovat se jejich n\u00e1vrhy m\u016f\u017eeme i my! \u2022 T\u0159\u00e1sn\u011b a pe\u0159\u00ed U\u017e na podzim ovl\u00e1dly m\u00f3dn\u00ed trendy prvky t\u0159\u00e1sn\u00ed. Toto se v\u0161ak bude nosit i nyn\u00ed na ja\u0159e a v l\u00e9t\u011b. Westernov\u00e9 t\u0159\u00e1sn\u011b se nyn\u00ed upravuj\u00ed do modern\u011bj\u0161\u00edch podob. Na ja\u0159e se v\u0161ak je\u0161t\u011b k t\u011bmto t\u0159\u00e1sn\u00edm p\u0159idaj\u00ed aplikace, kter\u00e9 n\u00e1m budou p\u0159ipom\u00ednat pe\u0159\u00ed.  \u2022 B\u00e9\u017eov\u00e9 odst\u00edny od\u011bv\u016f Mezi n\u00e1vrhy slavn\u00fdch um\u011blc\u016f se d\u00e1 tak\u00e9 vy\u010d\u00edst, \u017ee b\u00e9\u017eov\u00e1 barva bude letos na ja\u0159e velmi in. Posledn\u00ed roky jsme byli zvykl\u00ed sp\u00ed\u0161e na pastelov\u00e9 barvy \u010di v\u00fdrazn\u00e9 sv\u011b\u017e\u00ed barvy, ale tomu odzvonilo. B\u00e9\u017eov\u00e1 se toti\u017e hod\u00ed ke v\u0161emu. \u2022 \u017dlut\u00e1 je dobr\u00e1 I kdy\u017e se budou nosit b\u00e9\u017eov\u00e9 neutr\u00e1ln\u00ed odst\u00edny, p\u0159ece jen se dost pravd\u011bpodobn\u011b dostane na jednu typicky jarn\u00ed barvi\u010dku. A to barvu slunce. \u017dlut\u00e1 bude barvou nadch\u00e1zej\u00edc\u00ed sez\u00f3ny. \u2022 N\u00e1vrat do budoucnosti M\u00f3da se n\u00e1m vrac\u00ed st\u00e1le a st\u00e1le dokola a nikoho to ji\u017e nep\u0159ekvap\u00ed. A\u0165 u\u017e jde o leto\u0161n\u00ed trendy pro svatebn\u00ed \u0161aty, kde se n\u00e1m vrac\u00ed tradi\u010dn\u00ed \u0161aty pro princezny \u010di jde o jarn\u00ed a letn\u00ed hit, batikov\u00e1n\u00ed. Inspirace z 60. let n\u00e1m vr\u00e1t\u00ed obdob\u00ed hippie spole\u010dn\u011b s batikovan\u00fdmi triky, \u0161aty a bundi\u010dkami. \u2022 P\u0159ipraveni na velk\u00e1 vedra I kdy\u017e jaro p\u0159\u00edli\u0161 nep\u0159eje slune\u010dn\u00fdm dn\u016fm, je\u0161t\u011b st\u00e1le p\u0159ed sebou jist\u011b m\u00e1me dny, kdy bude opravdu kr\u00e1sn\u011b. Na p\u0159edn\u00edch p\u0159ehl\u00eddkov\u00fdch molech se d\u00e1 toti\u017e vy\u010d\u00edst je\u0161t\u011b dal\u0161\u00ed trend, kter\u00fdm je s\u00ed\u0165ovina. Byla vid\u011bna bez spodn\u00edho pr\u00e1dla, co\u017e pro b\u011b\u017en\u00e9 no\u0161en\u00ed asi nen\u00ed to prav\u00e9 o\u0159echov\u00e9. D\u00e1 se ale ji\u017e brzy o\u010dek\u00e1vat, \u017ee se objev\u00ed r\u016fzn\u00e9 varianty t\u011bchto polonah\u00fdch model\u016f v obchodech.  \u2022 D\u017e\u00ednovina I kdy\u017e bude denim st\u00e1le in, leto\u0161n\u00ed jaro a l\u00e9to nebudeme nosit ten tmav\u00fd, kter\u00fd byl hitem v posledn\u00edch m\u011bs\u00edc\u00edch a letech. Aktu\u00e1ln\u011b se vrac\u00ed op\u011bt do m\u00f3dy d\u017e\u00ednovina sepran\u00e1. Bez takov\u00e9 bundy, d\u017e\u00edns\u016f \u010di \u0161at\u016f budete naprosto out, proto nev\u00e1hejte a vyrazte do obchodu, po\u0159\u00eddit si n\u011bjak\u00fd vkusn\u00fd kousek                                                                                                                                                                                                                                                                                                                                                                                                "},{"@context":"https:\/\/schema.org\/","@type":"BreadcrumbList","itemListElement":[{"@type":"ListItem","position":1,"name":"Trendy pro jaro a l\u00e9to 2019","item":"https:\/\/www.zadaas.cz\/trendy-pro-jaro-a-leto-2019\/#breadcrumbitem"}]}]