[{"@context":"https:\/\/schema.org\/","@type":"Article","@id":"https:\/\/www.zadaas.cz\/ucitelska-profese-jeji-prestiz-a-budoucnost\/#Article","mainEntityOfPage":"https:\/\/www.zadaas.cz\/ucitelska-profese-jeji-prestiz-a-budoucnost\/","headline":"U\u010ditelsk\u00e1 profese: jej\u00ed presti\u017e a budoucnost","name":"U\u010ditelsk\u00e1 profese: jej\u00ed presti\u017e a budoucnost","description":"U\u010ditelsk\u00e1 profese pat\u0159\u00ed u\u017e po dobu n\u011bkolika let mezi nejm\u00e9n\u011b doce\u0148ovan\u00e1 zam\u011bstn\u00e1n\u00ed nebo mezi nejv\u00edce nedoce\u0148ovan\u00e1 zam\u011bstn\u00e1n\u00ed. Pro\u010d tomu tak je? V na\u0161em \u010dl\u00e1nku p\u0159edstav\u00edme <a href=\"https:\/\/www.zadaas.cz\/ucitelska-profese-jeji-prestiz-a-budoucnost\/\" class=\"read-more\"> <i class=\"ion-ios-arrow-right read-more-right\"><\/i><\/a>","datePublished":"2019-08-17","dateModified":"2023-04-28","author":{"@type":"Person","@id":"https:\/\/www.zadaas.cz\/author\/#Person","name":"","url":"https:\/\/www.zadaas.cz\/author\/","identifier":1,"image":{"@type":"ImageObject","@id":"https:\/\/secure.gravatar.com\/avatar\/f14f9548cfce1bfc4b3267434069a757db9568e455121a8852ede019c83b3b5e?s=96&d=mm&r=g","url":"https:\/\/secure.gravatar.com\/avatar\/f14f9548cfce1bfc4b3267434069a757db9568e455121a8852ede019c83b3b5e?s=96&d=mm&r=g","height":96,"width":96}},"publisher":{"@type":"Organization","name":"zadaas.cz","logo":{"@type":"ImageObject","@id":"\/logo.png","url":"\/logo.png","width":600,"height":60}},"image":{"@type":"ImageObject","@id":"https:\/\/www.zadaas.cz\/wp-content\/uploads\/img_a353885_w3299_t1568472903.png","url":"https:\/\/www.zadaas.cz\/wp-content\/uploads\/img_a353885_w3299_t1568472903.png","height":0,"width":0},"url":"https:\/\/www.zadaas.cz\/ucitelska-profese-jeji-prestiz-a-budoucnost\/","about":["Vzd\u011bl\u00e1n\u00ed"],"wordCount":512,"articleBody":"U\u010ditelsk\u00e1 profese pat\u0159\u00ed u\u017e po dobu n\u011bkolika let mezi nejm\u00e9n\u011b doce\u0148ovan\u00e1 zam\u011bstn\u00e1n\u00ed nebo mezi nejv\u00edce nedoce\u0148ovan\u00e1 zam\u011bstn\u00e1n\u00ed. Pro\u010d tomu tak je? V na\u0161em \u010dl\u00e1nku p\u0159edstav\u00edme u\u010ditelskou profesi tak, jak by m\u011bla b\u00fdt vn\u00edm\u00e1na a douf\u00e1me, \u017ee se d\u00edky n\u011bmu za\u010dnete na u\u010ditele d\u00edvat z trochu jin\u00e9ho \u00fahlu pohledu. Pro to, abychom se mohli st\u00e1t u\u010diteli, mus\u00edme vystudovat \u0161kolu a ne tak ledajakou, mus\u00edme vystudovat vysokou \u0161kolu a z\u00edskat nejm\u00e9n\u011b magistersk\u00fd titul. Tak je tomu v sou\u010dasnosti, proto\u017ee doopravdy mus\u00edme vystudovat V\u0160, abychom se mohli st\u00e1t opravdov\u00fdmi u\u010diteli. Magistersk\u00fd titul byl d\u0159\u00edve velice uzn\u00e1van\u00fd a doce\u0148ovan\u00fd. Magistry a magist\u0159i byli uzn\u00e1van\u00ed lid\u00e9, kte\u0159\u00ed se t\u011b\u0161ili obrovsk\u00e9 presti\u017ei. Te\u010f tomu tak ale nen\u00ed, u\u010ditel\u00e9 se net\u011b\u0161\u00ed t\u00e9to oblib\u011b, \u00facty a uzn\u00e1n\u00ed. Pro\u010d tomu tak je? U\u010ditel\u00e9 se bou\u0159\u00ed a jsou ve sv\u00e9 profesi nespokojen\u00ed. Asi nejv\u00edce do toho mluv\u00ed finan\u010dn\u00ed str\u00e1nka v\u011bci, kdy u\u010ditel\u00e9 nedost\u00e1vaj\u00ed odpov\u00eddaj\u00edc\u00ed plat jejich vzd\u011bl\u00e1n\u00ed. Ani po mnoholet\u00e9 praxi se nedostanou na plat, kter\u00fd si na za\u010d\u00e1tku p\u0159edstavovali. \u010casto mus\u00ed u\u010dit i p\u0159edm\u011bty, kter\u00e9 nepat\u0159\u00ed do jejich specializace, maj\u00ed hodn\u011b mimou\u010ditelsk\u00fdch povinnost\u00ed, ke kter\u00fdm je jejich \u0161kola je\u0161t\u011b zavazuje, v\u0161echny dom\u00e1c\u00ed p\u0159\u00edpravy a mimo\u0161koln\u00ed akce. U\u010ditelstv\u00ed je zam\u011bstn\u00e1v\u00e1m dnem i noc\u00ed. Pokud bychom si odmysleli mzdov\u00fd faktor, dost\u00e1v\u00e1me se k faktoru smyslu tohoto povol\u00e1n\u00ed. Ka\u017ed\u00fd u\u010ditel chce vzd\u011bl\u00e1vat d\u011bti, chce jim b\u00fdt vzorem a pro u\u010ditelskou profesi se rozhodl p\u0159esn\u011b z t\u011bchto d\u016fvod\u016f. To, \u017ee n\u011bkter\u00e9 d\u011bti nejsou motivovan\u00e9 a je s nimi t\u011b\u017ek\u00e9 pracovat, se d\u00e1 p\u0159ijmout a mnoho u\u010ditel\u016f s touto nep\u0159\u00edjemnost\u00ed i po\u010d\u00edt\u00e1, ale \u017ee se setk\u00e1me s nespokojen\u00fdmi rodi\u010di, \u017ee nebudeme ani v solid\u00e1rn\u00ed skupin\u011b u\u010ditel\u016f, kde nebude jednoduch\u00e9 komunikovat ani s veden\u00edm \u0161koly, s t\u00edm u\u017e se pracuje h\u016f\u0159e. Uv\u011bdomme si, \u017ee u\u010ditel\u00e9 jsou ti, kte\u0159\u00ed na\u0161im d\u011btem p\u0159ed\u00e1vaj\u00ed ty nejd\u016fle\u017eit\u011bj\u0161\u00ed informace, znalosti a dovednosti a my je pak ani neocen\u00edme, bereme to jako samoz\u0159ejmost. Jen, kdy\u017e ale nen\u00ed n\u011bco podle p\u0159edstav, hned za\u010dneme pod\u00e1vat st\u00ed\u017enosti a proti u\u010ditel\u016fm se obracet. Mysl\u00edme si, \u017ee u\u010ditel\u00e9 v \u010cesk\u00e9 republice by m\u011bli dostat vy\u0161\u0161\u00ed plat, m\u011bli by u\u010dit jen p\u0159edm\u011bty, kter\u00e9 pat\u0159\u00ed do jejich specializace a m\u011bli by \u010derpat i dal\u0161\u00ed benefity. Je pot\u0159eba, abychom sou\u010dasnou a budouc\u00ed ml\u00e1de\u017e motivovali k tomu, aby z jejich \u0159ad vze\u0161li dal\u0161\u00ed kvalitn\u00ed a zp\u016fsobil\u00ed u\u010ditel\u00e9, kter\u00fd budou po tomto zam\u011bstn\u00e1n\u00ed tou\u017eit.                                                                                                                                                                                                                                                                                                                                                                                                "},{"@context":"https:\/\/schema.org\/","@type":"BreadcrumbList","itemListElement":[{"@type":"ListItem","position":1,"name":"U\u010ditelsk\u00e1 profese: jej\u00ed presti\u017e a budoucnost","item":"https:\/\/www.zadaas.cz\/ucitelska-profese-jeji-prestiz-a-budoucnost\/#breadcrumbitem"}]}]