[{"@context":"https:\/\/schema.org\/","@type":"Article","@id":"https:\/\/www.zadaas.cz\/videnska-architektura\/#Article","mainEntityOfPage":"https:\/\/www.zadaas.cz\/videnska-architektura\/","headline":"V\u00edde\u0148sk\u00e1 architektura","name":"V\u00edde\u0148sk\u00e1 architektura","description":"Ve dvac\u00e1t\u00fdch letech minul\u00e9ho stolet\u00ed cht\u011bla vl\u00e1da poskytnout obyvatel\u016fm p\u0159ijateln\u00e9 \u017eivotn\u00ed podm\u00ednky. Proto za\u010dala v\u00fdstavba byt\u016f, kter\u00e9 sv\u00fdm kone\u010dn\u00fdm v\u00fdsledkem bud\u00ed dojem m\u011bsta ve m\u011bst\u011b. <a href=\"https:\/\/www.zadaas.cz\/videnska-architektura\/\" class=\"read-more\"> <i class=\"ion-ios-arrow-right read-more-right\"><\/i><\/a>","datePublished":"2018-08-10","dateModified":"2023-04-28","author":{"@type":"Person","@id":"https:\/\/www.zadaas.cz\/author\/#Person","name":"","url":"https:\/\/www.zadaas.cz\/author\/","identifier":1,"image":{"@type":"ImageObject","@id":"https:\/\/secure.gravatar.com\/avatar\/f14f9548cfce1bfc4b3267434069a757db9568e455121a8852ede019c83b3b5e?s=96&d=mm&r=g","url":"https:\/\/secure.gravatar.com\/avatar\/f14f9548cfce1bfc4b3267434069a757db9568e455121a8852ede019c83b3b5e?s=96&d=mm&r=g","height":96,"width":96}},"publisher":{"@type":"Organization","name":"zadaas.cz","logo":{"@type":"ImageObject","@id":"\/logo.png","url":"\/logo.png","width":600,"height":60}},"image":{"@type":"ImageObject","@id":"https:\/\/www.zadaas.cz\/wp-content\/uploads\/img_a322970_w1745_t1534835292.jpg","url":"https:\/\/www.zadaas.cz\/wp-content\/uploads\/img_a322970_w1745_t1534835292.jpg","height":0,"width":0},"url":"https:\/\/www.zadaas.cz\/videnska-architektura\/","wordCount":505,"articleBody":"Ve dvac\u00e1t\u00fdch letech minul\u00e9ho stolet\u00ed cht\u011bla vl\u00e1da poskytnout obyvatel\u016fm p\u0159ijateln\u00e9 \u017eivotn\u00ed podm\u00ednky. Proto za\u010dala v\u00fdstavba byt\u016f, kter\u00e9 sv\u00fdm kone\u010dn\u00fdm v\u00fdsledkem bud\u00ed dojem m\u011bsta ve m\u011bst\u011b. Do uzav\u0159en\u00fdch bytov\u00fdch blok\u016f se vch\u00e1z\u00ed br\u00e1nou do obvykle zelen\u00e9ho dvora, ze kter\u00e9ho vede schodi\u0161t\u011b k vlastn\u00edm byt\u016fm. B\u011b\u017en\u011b se tam nach\u00e1zej\u00ed baz\u00e9nky, supermarkety, pr\u00e1delny, nebo mate\u0159sk\u00e9 \u0161kolky. Prvn\u00ed takovou stavbou byla kolonieMetzleinstalerhof v 5. m\u011bstsk\u00e9m obvodu. V 16. obvodu stoj\u00ed kolonie vybudovan\u00e1 v meziv\u00e1le\u010dn\u00e9m obdob\u00ed. V kolonii Karl \u2013 Marx \u2013 Hof stoj\u00ed budova s n\u00e1zvem Muzeum v pr\u00e1deln\u011b, kter\u00e9 n\u00e1v\u0161t\u011bvn\u00edk\u016fm vysv\u011btluje obecn\u00ed v\u00fdstavbu byt\u016f v t\u00e9 dob\u011b. Mezi lety 1923 a\u017e 1934 vzniklo 61 175 byt\u016f ve 348 koloni\u00edch. V\u00fdstavbu p\u0159eru\u0161ila 2. sv\u011btov\u00e1 v\u00e1lka, ale m\u011bsto V\u00edde\u0148 se po roce 1947 rozhodlo, \u017ee bude ve v\u00fdstavb\u011b pokra\u010dovat, co\u017e vlastn\u011b d\u011bl\u00e1 dodnes, jen domy jsou architektonicky p\u0159izp\u016fsoben\u00e9 dob\u011b. nab\u00edz\u00ed secesn\u00ed budovy, kde v \u010dele architektury stoj\u00ed Otto Wagner, kter\u00fd ovliv\u0148uje m\u011bstsk\u00e9 panorama dodnes. Jeho styl jsou symetricky uspo\u0159\u00e1dan\u00e1 stavebn\u00ed t\u011blesa. Jeho nejd\u016fle\u017eit\u011bj\u0161\u00edmi stavbami jsou stanice, z\u00e1bradl\u00ed a mosty b\u00fdval\u00e9 m\u011bstsk\u00e9 dr\u00e1hy (dnes linky metra U6 a U4), Majolikov\u00fd d\u016fm a D\u016fm m\u00faz v ulici Wienzeile, kostel svat\u00e9ho Leopolda ve Steinhofu a budova po\u0161tovn\u00ed spo\u0159itelny. Secesn\u00ed architekturu pozn\u00e1me podle ornament\u016f pou\u017e\u00edvan\u00fdch hlavn\u011b na vn\u011bj\u0161\u00ed stran\u011b. Domy byly zkr\u00e1\u0161leny sklem, mramorem, kovov\u00fdmi aplikacemi, pestr\u00fdm \u0161tukov\u00e1n\u00edm a pozlacen\u00fdmi elementy. Jedna z nejv\u00fdznamn\u011bj\u0161\u00edch secesn\u00edch budov \u2013 um\u011bleck\u00e1 s\u00ed\u0148 Secession byla postavena v roce 1898 Josephem Maria Olbrichem, a stala se prvn\u00ed v\u00fdstavn\u00ed s\u00edn\u00ed ve st\u0159edn\u00ed Evrop\u011b. Je v\u011bnov\u00e1na modern\u00edmu um\u011bn\u00ed. Na v\u00edde\u0148sk\u00e9 Ringsstra\u00dfe nalezneme stavby z obdob\u00ed 60. a\u017e 90. let 19. stolet\u00ed.St\u00e1tn\u00ed opera, postaven\u00e1 v novorenesan\u010dn\u00edm slohu, Muzeum u\u017eit\u00e9ho um\u011bn\u00ed, v novogotick\u00e9m slohu, budova Um\u011bleckohistorick\u00e9ho a P\u0159\u00edrodohistorick\u00e9ho muzea, kter\u00e9 jsou postaven\u00e9 v novorenesan\u010dn\u00edm slohu, rozhodn\u011b stoj\u00ed za vid\u011bn\u00ed. Na podob\u011b Rignsstra\u00dfe se pod\u00edleli stavitel\u00e9 jako nap\u0159\u00edklad Theofil von Hansen, Karl Freiher von Hasenauer, Gottfried Semper, Friedrich von Schmidt, Heinrich von Ferstel. Na Karlplatz najdeme kr\u00e1sn\u00fd barokn\u00ed kostel Karlskirche, kter\u00fd vytv\u00e1\u0159\u00ed kontrast s nedaleko stoj\u00edc\u00ed koncertn\u00ed s\u00edn\u00ed Musikverrein. Z habsbursk\u00e9 doby stoj\u00ed za prohl\u00eddku zn\u00e1m\u00fd barokn\u00ed z\u00e1mek Sch\u00f6nbrunn s rozlehl\u00fdm z\u00e1meck\u00fdm parkem a Gloriettou, kter\u00fd b\u00fdval letn\u00ed rezidenc\u00ed c\u00edsa\u0159sk\u00e9ho dvora. Zde se nach\u00e1z\u00ed nejstar\u0161\u00ed zoologick\u00e1 zahrada na sv\u011bt\u011b, s jedinou zachovanou barokn\u00ed mena\u017e\u00e9ri\u00ed. Z\u00e1mekBelvedere, rezidence rakousk\u00e9ho vojev\u016fdce Ev\u017eena Savojsk\u00e9ho. Jeho p\u0159epychov\u00e9 komnaty a n\u00e1dhern\u00fd park jsou tak\u00e9 p\u016fsobiv\u00fdm p\u0159\u00edkladem t\u00e9\u017ee architektury.                                                                                                                                                                                                                                                                                                                                                                                                "},{"@context":"https:\/\/schema.org\/","@type":"BreadcrumbList","itemListElement":[{"@type":"ListItem","position":1,"name":"V\u00edde\u0148sk\u00e1 architektura","item":"https:\/\/www.zadaas.cz\/videnska-architektura\/#breadcrumbitem"}]}]